{"id":989,"date":"2026-08-11T20:18:02","date_gmt":"2026-08-11T20:18:02","guid":{"rendered":"https:\/\/www.apartamentustrzycki.pl\/?p=989"},"modified":"2026-08-11T20:18:02","modified_gmt":"2026-08-11T20:18:02","slug":"ustrzycki-festiwal-rockowy-2026-dwa-dni-koncertow-w-sercu-bieszczad","status":"publish","type":"post","link":"https:\/\/www.apartamentustrzycki.pl\/index.php\/2026\/08\/11\/ustrzycki-festiwal-rockowy-2026-dwa-dni-koncertow-w-sercu-bieszczad\/","title":{"rendered":"USTRZYCKI FESTIWAL ROCKOWY 2026 \u2013 DWA DNI KONCERT\u00d3W W SERCU BIESZCZAD"},"content":{"rendered":"<h3 class=\"PDq2pG_selectionAnchorContainer\" style=\"text-align: center;\" data-section-id=\"eic7wx\" data-start=\"285\" data-end=\"343\">APARTAMENT USTRZYCKI \u2013 WOLNY TERMIN NA UFR 2026!&nbsp;<\/h3>\n<p data-start=\"345\" data-end=\"424\"><strong data-start=\"345\" data-end=\"389\">Planujesz Ustrzycki Festiwal Rockowy? \ud83e\udd18<\/strong><br data-start=\"389\" data-end=\"392\">Mamy dla Ciebie dobr\u0105 wiadomo\u015b\u0107!<\/p>\n<p data-start=\"426\" data-end=\"498\">\ud83c\udfe0 <strong data-start=\"429\" data-end=\"498\">Apartament Ustrzycki jest wolny w terminie 13\u201316 sierpnia 2026 r.<\/strong><\/p>\n<p data-start=\"500\" data-end=\"640\">W tych dniach w <strong data-start=\"516\" data-end=\"538\">Ustrzykach Dolnych<\/strong> odb\u0119dzie si\u0119 <strong data-start=\"552\" data-end=\"587\">Ustrzycki Festiwal Rockowy 2026<\/strong> \u2013 dwa dni rockowych koncert\u00f3w na stadionie miejskim!<\/p>\n<p data-start=\"642\" data-end=\"850\">\ud83c\udfa4 <strong data-start=\"645\" data-end=\"661\">14 sierpnia:<\/strong> KSU \u201eEpilog\u201d \u2013 koncert akustyczny<br data-start=\"695\" data-end=\"698\">\ud83d\udd25 <strong data-start=\"701\" data-end=\"717\">15 sierpnia:<\/strong> KSU \u2013 koncert elektryczny<br data-start=\"743\" data-end=\"746\">\ud83c\udfb8 A opr\u00f3cz tego m.in. <strong data-start=\"769\" data-end=\"842\">Grzegorz Kupczyk, Lord Bishop Rocks, Ornette, Stare Dziady, Stacja B.<\/strong> i inni.<\/p>\n<p data-start=\"852\" data-end=\"1000\">\ud83d\udccd <strong data-start=\"855\" data-end=\"895\">Stadion Miejski w Ustrzykach Dolnych<\/strong><br data-start=\"895\" data-end=\"898\">\ud83d\udcc5 <strong data-start=\"901\" data-end=\"924\">14\u201315 sierpnia 2026<\/strong><br data-start=\"924\" data-end=\"927\">\ud83c\udfe0 <strong data-start=\"930\" data-end=\"962\">Nocleg: Apartament Ustrzycki<\/strong><br data-start=\"962\" data-end=\"965\">\ud83d\udcc6 <strong data-start=\"968\" data-end=\"1000\">Wolny termin: 13\u201316 sierpnia<\/strong><\/p>\n<p data-start=\"1002\" data-end=\"1133\">Je\u015bli wybierasz si\u0119 na festiwal i szukasz komfortowego miejsca na nocleg w Ustrzykach Dolnych \u2013 <strong data-start=\"1098\" data-end=\"1133\">to mo\u017ce by\u0107 w\u0142a\u015bnie ten termin!<\/strong><\/p>\n<p data-start=\"1135\" data-end=\"1268\">Kontakt i rezerwacje:<br \/>\n<img decoding=\"async\" class=\"emoji\" role=\"img\" draggable=\"false\" src=\"https:\/\/s.w.org\/images\/core\/emoji\/17.0.2\/svg\/1f4de.svg\" alt=\"\ud83d\udcde\"> 518 296 018<br \/>\ninfo@apartamentustrzycki.pl<br \/>\nwww.apartamentustrzycki.pl<br \/>\nDo zobaczenia w Ustrzykach Dolnych!<\/p>\n<p data-start=\"1135\" data-end=\"1268\"><img loading=\"lazy\" decoding=\"async\" class=\"aligncenter wp-image-990 size-large\" src=\"https:\/\/www.apartamentustrzycki.pl\/wp-content\/uploads\/ustrzycki_festiwal_2026-683x1024.png\" alt=\"\" width=\"683\" height=\"1024\" srcset=\"https:\/\/www.apartamentustrzycki.pl\/wp-content\/uploads\/ustrzycki_festiwal_2026-683x1024.png 683w, https:\/\/www.apartamentustrzycki.pl\/wp-content\/uploads\/ustrzycki_festiwal_2026-200x300.png 200w, https:\/\/www.apartamentustrzycki.pl\/wp-content\/uploads\/ustrzycki_festiwal_2026-100x150.png 100w, https:\/\/www.apartamentustrzycki.pl\/wp-content\/uploads\/ustrzycki_festiwal_2026-768x1152.png 768w, https:\/\/www.apartamentustrzycki.pl\/wp-content\/uploads\/ustrzycki_festiwal_2026-233x350.png 233w, https:\/\/www.apartamentustrzycki.pl\/wp-content\/uploads\/ustrzycki_festiwal_2026.png 1024w\" sizes=\"auto, (max-width: 683px) 100vw, 683px\" \/><\/p>\n","protected":false},"excerpt":{"rendered":"<p>APARTAMENT USTRZYCKI \u2013 WOLNY TERMIN NA UFR 2026!&nbsp; Planujesz Ustrzycki Festiwal Rockowy? \ud83e\udd18Mamy dla Ciebie dobr\u0105 wiadomo\u015b\u0107! \ud83c\udfe0 Apartament Ustrzycki jest wolny w terminie 13\u201316 sierpnia 2026 r. W tych dniach w Ustrzykach Dolnych odb\u0119dzie si\u0119 Ustrzycki Festiwal Rockowy 2026 \u2013 dwa dni rockowych koncert\u00f3w na stadionie miejskim! \ud83c\udfa4 14 &hellip;<\/p>\n","protected":false},"author":2,"featured_media":991,"comment_status":"closed","ping_status":"closed","sticky":false,"template":"","format":"standard","meta":{"ngg_post_thumbnail":0,"footnotes":""},"categories":[6],"tags":[],"class_list":["post-989","post","type-post","status-publish","format-standard","has-post-thumbnail","hentry","category-aktualnosci"],"yoast_head":"<!-- This site is optimized with the Yoast SEO plugin v28.3 - https:\/\/yoast.com\/product\/yoast-seo-wordpress\/ -->\n<title>USTRZYCKI FESTIWAL ROCKOWY 2026 \u2013 DWA DNI KONCERT\u00d3W W SERCU BIESZCZAD - Apartament Ustrzycki<\/title>\n<meta name=\"robots\" content=\"index, follow, max-snippet:-1, max-image-preview:large, max-video-preview:-1\" \/>\n<link rel=\"canonical\" href=\"https:\/\/www.apartamentustrzycki.pl\/index.php\/2026\/08\/11\/ustrzycki-festiwal-rockowy-2026-dwa-dni-koncertow-w-sercu-bieszczad\/\" \/>\n<meta property=\"og:locale\" content=\"pl_PL\" \/>\n<meta property=\"og:type\" content=\"article\" \/>\n<meta property=\"og:title\" content=\"USTRZYCKI FESTIWAL ROCKOWY 2026 \u2013 DWA DNI KONCERT\u00d3W W SERCU BIESZCZAD - Apartament Ustrzycki\" \/>\n<meta property=\"og:description\" content=\"APARTAMENT USTRZYCKI \u2013 WOLNY TERMIN NA UFR 2026!&nbsp; Planujesz Ustrzycki Festiwal Rockowy? \ud83e\udd18Mamy dla Ciebie dobr\u0105 wiadomo\u015b\u0107! \ud83c\udfe0 Apartament Ustrzycki jest wolny w terminie 13\u201316 sierpnia 2026 r. W tych dniach w Ustrzykach Dolnych odb\u0119dzie si\u0119 Ustrzycki Festiwal Rockowy 2026 \u2013 dwa dni rockowych koncert\u00f3w na stadionie miejskim! \ud83c\udfa4 14 &hellip;\" \/>\n<meta property=\"og:url\" content=\"https:\/\/www.apartamentustrzycki.pl\/index.php\/2026\/08\/11\/ustrzycki-festiwal-rockowy-2026-dwa-dni-koncertow-w-sercu-bieszczad\/\" \/>\n<meta property=\"og:site_name\" content=\"Apartament Ustrzycki\" \/>\n<meta property=\"article:published_time\" content=\"2026-08-11T20:18:02+00:00\" \/>\n<meta property=\"og:image\" content=\"https:\/\/www.apartamentustrzycki.pl\/wp-content\/uploads\/ustrzycki_festiwal_2026_m.png\" \/>\n\t<meta property=\"og:image:width\" content=\"530\" \/>\n\t<meta property=\"og:image:height\" content=\"323\" \/>\n\t<meta property=\"og:image:type\" content=\"image\/png\" \/>\n<meta name=\"author\" content=\"Czester\" \/>\n<meta name=\"twitter:card\" content=\"summary_large_image\" \/>\n<meta name=\"twitter:label1\" content=\"Napisane przez\" \/>\n\t<meta name=\"twitter:data1\" content=\"Czester\" \/>\n\t<meta name=\"twitter:label2\" content=\"Szacowany czas czytania\" \/>\n\t<meta name=\"twitter:data2\" content=\"2 minuty\" \/>\n<script type=\"application\/ld+json\" class=\"yoast-schema-graph\">{\"@context\":\"https:\\\/\\\/schema.org\",\"@graph\":[{\"@type\":\"Article\",\"@id\":\"https:\\\/\\\/www.apartamentustrzycki.pl\\\/index.php\\\/2026\\\/08\\\/11\\\/ustrzycki-festiwal-rockowy-2026-dwa-dni-koncertow-w-sercu-bieszczad\\\/#article\",\"isPartOf\":{\"@id\":\"https:\\\/\\\/www.apartamentustrzycki.pl\\\/index.php\\\/2026\\\/08\\\/11\\\/ustrzycki-festiwal-rockowy-2026-dwa-dni-koncertow-w-sercu-bieszczad\\\/\"},\"author\":{\"name\":\"Czester\",\"@id\":\"https:\\\/\\\/www.apartamentustrzycki.pl\\\/#\\\/schema\\\/person\\\/0093e7d61a4c4ca9a64b71422f505800\"},\"headline\":\"USTRZYCKI FESTIWAL ROCKOWY 2026 \u2013 DWA DNI KONCERT\u00d3W W SERCU BIESZCZAD\",\"datePublished\":\"2026-08-11T20:18:02+00:00\",\"mainEntityOfPage\":{\"@id\":\"https:\\\/\\\/www.apartamentustrzycki.pl\\\/index.php\\\/2026\\\/08\\\/11\\\/ustrzycki-festiwal-rockowy-2026-dwa-dni-koncertow-w-sercu-bieszczad\\\/\"},\"wordCount\":131,\"image\":{\"@id\":\"https:\\\/\\\/www.apartamentustrzycki.pl\\\/index.php\\\/2026\\\/08\\\/11\\\/ustrzycki-festiwal-rockowy-2026-dwa-dni-koncertow-w-sercu-bieszczad\\\/#primaryimage\"},\"thumbnailUrl\":\"https:\\\/\\\/www.apartamentustrzycki.pl\\\/wp-content\\\/uploads\\\/ustrzycki_festiwal_2026_m.png\",\"articleSection\":[\"Aktualno\u015bci\"],\"inLanguage\":\"pl-PL\"},{\"@type\":\"WebPage\",\"@id\":\"https:\\\/\\\/www.apartamentustrzycki.pl\\\/index.php\\\/2026\\\/08\\\/11\\\/ustrzycki-festiwal-rockowy-2026-dwa-dni-koncertow-w-sercu-bieszczad\\\/\",\"url\":\"https:\\\/\\\/www.apartamentustrzycki.pl\\\/index.php\\\/2026\\\/08\\\/11\\\/ustrzycki-festiwal-rockowy-2026-dwa-dni-koncertow-w-sercu-bieszczad\\\/\",\"name\":\"USTRZYCKI FESTIWAL ROCKOWY 2026 \u2013 DWA DNI KONCERT\u00d3W W SERCU BIESZCZAD - Apartament Ustrzycki\",\"isPartOf\":{\"@id\":\"https:\\\/\\\/www.apartamentustrzycki.pl\\\/#website\"},\"primaryImageOfPage\":{\"@id\":\"https:\\\/\\\/www.apartamentustrzycki.pl\\\/index.php\\\/2026\\\/08\\\/11\\\/ustrzycki-festiwal-rockowy-2026-dwa-dni-koncertow-w-sercu-bieszczad\\\/#primaryimage\"},\"image\":{\"@id\":\"https:\\\/\\\/www.apartamentustrzycki.pl\\\/index.php\\\/2026\\\/08\\\/11\\\/ustrzycki-festiwal-rockowy-2026-dwa-dni-koncertow-w-sercu-bieszczad\\\/#primaryimage\"},\"thumbnailUrl\":\"https:\\\/\\\/www.apartamentustrzycki.pl\\\/wp-content\\\/uploads\\\/ustrzycki_festiwal_2026_m.png\",\"datePublished\":\"2026-08-11T20:18:02+00:00\",\"author\":{\"@id\":\"https:\\\/\\\/www.apartamentustrzycki.pl\\\/#\\\/schema\\\/person\\\/0093e7d61a4c4ca9a64b71422f505800\"},\"breadcrumb\":{\"@id\":\"https:\\\/\\\/www.apartamentustrzycki.pl\\\/index.php\\\/2026\\\/08\\\/11\\\/ustrzycki-festiwal-rockowy-2026-dwa-dni-koncertow-w-sercu-bieszczad\\\/#breadcrumb\"},\"inLanguage\":\"pl-PL\",\"potentialAction\":[{\"@type\":\"ReadAction\",\"target\":[\"https:\\\/\\\/www.apartamentustrzycki.pl\\\/index.php\\\/2026\\\/08\\\/11\\\/ustrzycki-festiwal-rockowy-2026-dwa-dni-koncertow-w-sercu-bieszczad\\\/\"]}]},{\"@type\":\"ImageObject\",\"inLanguage\":\"pl-PL\",\"@id\":\"https:\\\/\\\/www.apartamentustrzycki.pl\\\/index.php\\\/2026\\\/08\\\/11\\\/ustrzycki-festiwal-rockowy-2026-dwa-dni-koncertow-w-sercu-bieszczad\\\/#primaryimage\",\"url\":\"https:\\\/\\\/www.apartamentustrzycki.pl\\\/wp-content\\\/uploads\\\/ustrzycki_festiwal_2026_m.png\",\"contentUrl\":\"https:\\\/\\\/www.apartamentustrzycki.pl\\\/wp-content\\\/uploads\\\/ustrzycki_festiwal_2026_m.png\",\"width\":530,\"height\":323},{\"@type\":\"BreadcrumbList\",\"@id\":\"https:\\\/\\\/www.apartamentustrzycki.pl\\\/index.php\\\/2026\\\/08\\\/11\\\/ustrzycki-festiwal-rockowy-2026-dwa-dni-koncertow-w-sercu-bieszczad\\\/#breadcrumb\",\"itemListElement\":[{\"@type\":\"ListItem\",\"position\":1,\"name\":\"Strona g\u0142\u00f3wna\",\"item\":\"https:\\\/\\\/www.apartamentustrzycki.pl\\\/\"},{\"@type\":\"ListItem\",\"position\":2,\"name\":\"USTRZYCKI FESTIWAL ROCKOWY 2026 \u2013 DWA DNI KONCERT\u00d3W W SERCU BIESZCZAD\"}]},{\"@type\":\"WebSite\",\"@id\":\"https:\\\/\\\/www.apartamentustrzycki.pl\\\/#website\",\"url\":\"https:\\\/\\\/www.apartamentustrzycki.pl\\\/\",\"name\":\"Apartament Ustrzycki\",\"description\":\"Noclegi w Ustrzykach Dolnych - Zapraszamy\",\"potentialAction\":[{\"@type\":\"SearchAction\",\"target\":{\"@type\":\"EntryPoint\",\"urlTemplate\":\"https:\\\/\\\/www.apartamentustrzycki.pl\\\/?s={search_term_string}\"},\"query-input\":{\"@type\":\"PropertyValueSpecification\",\"valueRequired\":true,\"valueName\":\"search_term_string\"}}],\"inLanguage\":\"pl-PL\"},{\"@type\":\"Person\",\"@id\":\"https:\\\/\\\/www.apartamentustrzycki.pl\\\/#\\\/schema\\\/person\\\/0093e7d61a4c4ca9a64b71422f505800\",\"name\":\"Czester\",\"sameAs\":[\"https:\\\/\\\/www.apartamentustrzycki.pl\"],\"url\":\"https:\\\/\\\/www.apartamentustrzycki.pl\\\/index.php\\\/author\\\/admin-2\\\/\"}]}<\/script>\n<!-- \/ Yoast SEO plugin. -->","yoast_head_json":{"title":"USTRZYCKI FESTIWAL ROCKOWY 2026 \u2013 DWA DNI KONCERT\u00d3W W SERCU BIESZCZAD - Apartament Ustrzycki","robots":{"index":"index","follow":"follow","max-snippet":"max-snippet:-1","max-image-preview":"max-image-preview:large","max-video-preview":"max-video-preview:-1"},"canonical":"https:\/\/www.apartamentustrzycki.pl\/index.php\/2026\/08\/11\/ustrzycki-festiwal-rockowy-2026-dwa-dni-koncertow-w-sercu-bieszczad\/","og_locale":"pl_PL","og_type":"article","og_title":"USTRZYCKI FESTIWAL ROCKOWY 2026 \u2013 DWA DNI KONCERT\u00d3W W SERCU BIESZCZAD - Apartament Ustrzycki","og_description":"APARTAMENT USTRZYCKI \u2013 WOLNY TERMIN NA UFR 2026!&nbsp; Planujesz Ustrzycki Festiwal Rockowy? \ud83e\udd18Mamy dla Ciebie dobr\u0105 wiadomo\u015b\u0107! \ud83c\udfe0 Apartament Ustrzycki jest wolny w terminie 13\u201316 sierpnia 2026 r. W tych dniach w Ustrzykach Dolnych odb\u0119dzie si\u0119 Ustrzycki Festiwal Rockowy 2026 \u2013 dwa dni rockowych koncert\u00f3w na stadionie miejskim! \ud83c\udfa4 14 &hellip;","og_url":"https:\/\/www.apartamentustrzycki.pl\/index.php\/2026\/08\/11\/ustrzycki-festiwal-rockowy-2026-dwa-dni-koncertow-w-sercu-bieszczad\/","og_site_name":"Apartament Ustrzycki","article_published_time":"2026-08-11T20:18:02+00:00","og_image":[{"width":530,"height":323,"url":"https:\/\/www.apartamentustrzycki.pl\/wp-content\/uploads\/ustrzycki_festiwal_2026_m.png","type":"image\/png"}],"author":"Czester","twitter_card":"summary_large_image","twitter_misc":{"Napisane przez":"Czester","Szacowany czas czytania":"2 minuty"},"schema":{"@context":"https:\/\/schema.org","@graph":[{"@type":"Article","@id":"https:\/\/www.apartamentustrzycki.pl\/index.php\/2026\/08\/11\/ustrzycki-festiwal-rockowy-2026-dwa-dni-koncertow-w-sercu-bieszczad\/#article","isPartOf":{"@id":"https:\/\/www.apartamentustrzycki.pl\/index.php\/2026\/08\/11\/ustrzycki-festiwal-rockowy-2026-dwa-dni-koncertow-w-sercu-bieszczad\/"},"author":{"name":"Czester","@id":"https:\/\/www.apartamentustrzycki.pl\/#\/schema\/person\/0093e7d61a4c4ca9a64b71422f505800"},"headline":"USTRZYCKI FESTIWAL ROCKOWY 2026 \u2013 DWA DNI KONCERT\u00d3W W SERCU BIESZCZAD","datePublished":"2026-08-11T20:18:02+00:00","mainEntityOfPage":{"@id":"https:\/\/www.apartamentustrzycki.pl\/index.php\/2026\/08\/11\/ustrzycki-festiwal-rockowy-2026-dwa-dni-koncertow-w-sercu-bieszczad\/"},"wordCount":131,"image":{"@id":"https:\/\/www.apartamentustrzycki.pl\/index.php\/2026\/08\/11\/ustrzycki-festiwal-rockowy-2026-dwa-dni-koncertow-w-sercu-bieszczad\/#primaryimage"},"thumbnailUrl":"https:\/\/www.apartamentustrzycki.pl\/wp-content\/uploads\/ustrzycki_festiwal_2026_m.png","articleSection":["Aktualno\u015bci"],"inLanguage":"pl-PL"},{"@type":"WebPage","@id":"https:\/\/www.apartamentustrzycki.pl\/index.php\/2026\/08\/11\/ustrzycki-festiwal-rockowy-2026-dwa-dni-koncertow-w-sercu-bieszczad\/","url":"https:\/\/www.apartamentustrzycki.pl\/index.php\/2026\/08\/11\/ustrzycki-festiwal-rockowy-2026-dwa-dni-koncertow-w-sercu-bieszczad\/","name":"USTRZYCKI FESTIWAL ROCKOWY 2026 \u2013 DWA DNI KONCERT\u00d3W W SERCU BIESZCZAD - Apartament Ustrzycki","isPartOf":{"@id":"https:\/\/www.apartamentustrzycki.pl\/#website"},"primaryImageOfPage":{"@id":"https:\/\/www.apartamentustrzycki.pl\/index.php\/2026\/08\/11\/ustrzycki-festiwal-rockowy-2026-dwa-dni-koncertow-w-sercu-bieszczad\/#primaryimage"},"image":{"@id":"https:\/\/www.apartamentustrzycki.pl\/index.php\/2026\/08\/11\/ustrzycki-festiwal-rockowy-2026-dwa-dni-koncertow-w-sercu-bieszczad\/#primaryimage"},"thumbnailUrl":"https:\/\/www.apartamentustrzycki.pl\/wp-content\/uploads\/ustrzycki_festiwal_2026_m.png","datePublished":"2026-08-11T20:18:02+00:00","author":{"@id":"https:\/\/www.apartamentustrzycki.pl\/#\/schema\/person\/0093e7d61a4c4ca9a64b71422f505800"},"breadcrumb":{"@id":"https:\/\/www.apartamentustrzycki.pl\/index.php\/2026\/08\/11\/ustrzycki-festiwal-rockowy-2026-dwa-dni-koncertow-w-sercu-bieszczad\/#breadcrumb"},"inLanguage":"pl-PL","potentialAction":[{"@type":"ReadAction","target":["https:\/\/www.apartamentustrzycki.pl\/index.php\/2026\/08\/11\/ustrzycki-festiwal-rockowy-2026-dwa-dni-koncertow-w-sercu-bieszczad\/"]}]},{"@type":"ImageObject","inLanguage":"pl-PL","@id":"https:\/\/www.apartamentustrzycki.pl\/index.php\/2026\/08\/11\/ustrzycki-festiwal-rockowy-2026-dwa-dni-koncertow-w-sercu-bieszczad\/#primaryimage","url":"https:\/\/www.apartamentustrzycki.pl\/wp-content\/uploads\/ustrzycki_festiwal_2026_m.png","contentUrl":"https:\/\/www.apartamentustrzycki.pl\/wp-content\/uploads\/ustrzycki_festiwal_2026_m.png","width":530,"height":323},{"@type":"BreadcrumbList","@id":"https:\/\/www.apartamentustrzycki.pl\/index.php\/2026\/08\/11\/ustrzycki-festiwal-rockowy-2026-dwa-dni-koncertow-w-sercu-bieszczad\/#breadcrumb","itemListElement":[{"@type":"ListItem","position":1,"name":"Strona g\u0142\u00f3wna","item":"https:\/\/www.apartamentustrzycki.pl\/"},{"@type":"ListItem","position":2,"name":"USTRZYCKI FESTIWAL ROCKOWY 2026 \u2013 DWA DNI KONCERT\u00d3W W SERCU BIESZCZAD"}]},{"@type":"WebSite","@id":"https:\/\/www.apartamentustrzycki.pl\/#website","url":"https:\/\/www.apartamentustrzycki.pl\/","name":"Apartament Ustrzycki","description":"Noclegi w Ustrzykach Dolnych - Zapraszamy","potentialAction":[{"@type":"SearchAction","target":{"@type":"EntryPoint","urlTemplate":"https:\/\/www.apartamentustrzycki.pl\/?s={search_term_string}"},"query-input":{"@type":"PropertyValueSpecification","valueRequired":true,"valueName":"search_term_string"}}],"inLanguage":"pl-PL"},{"@type":"Person","@id":"https:\/\/www.apartamentustrzycki.pl\/#\/schema\/person\/0093e7d61a4c4ca9a64b71422f505800","name":"Czester","sameAs":["https:\/\/www.apartamentustrzycki.pl"],"url":"https:\/\/www.apartamentustrzycki.pl\/index.php\/author\/admin-2\/"}]}},"jetpack_featured_media_url":"https:\/\/www.apartamentustrzycki.pl\/wp-content\/uploads\/ustrzycki_festiwal_2026_m.png","_links":{"self":[{"href":"https:\/\/www.apartamentustrzycki.pl\/index.php\/wp-json\/wp\/v2\/posts\/989","targetHints":{"allow":["GET"]}}],"collection":[{"href":"https:\/\/www.apartamentustrzycki.pl\/index.php\/wp-json\/wp\/v2\/posts"}],"about":[{"href":"https:\/\/www.apartamentustrzycki.pl\/index.php\/wp-json\/wp\/v2\/types\/post"}],"author":[{"embeddable":true,"href":"https:\/\/www.apartamentustrzycki.pl\/index.php\/wp-json\/wp\/v2\/users\/2"}],"replies":[{"embeddable":true,"href":"https:\/\/www.apartamentustrzycki.pl\/index.php\/wp-json\/wp\/v2\/comments?post=989"}],"version-history":[{"count":1,"href":"https:\/\/www.apartamentustrzycki.pl\/index.php\/wp-json\/wp\/v2\/posts\/989\/revisions"}],"predecessor-version":[{"id":992,"href":"https:\/\/www.apartamentustrzycki.pl\/index.php\/wp-json\/wp\/v2\/posts\/989\/revisions\/992"}],"wp:featuredmedia":[{"embeddable":true,"href":"https:\/\/www.apartamentustrzycki.pl\/index.php\/wp-json\/wp\/v2\/media\/991"}],"wp:attachment":[{"href":"https:\/\/www.apartamentustrzycki.pl\/index.php\/wp-json\/wp\/v2\/media?parent=989"}],"wp:term":[{"taxonomy":"category","embeddable":true,"href":"https:\/\/www.apartamentustrzycki.pl\/index.php\/wp-json\/wp\/v2\/categories?post=989"},{"taxonomy":"post_tag","embeddable":true,"href":"https:\/\/www.apartamentustrzycki.pl\/index.php\/wp-json\/wp\/v2\/tags?post=989"}],"curies":[{"name":"wp","href":"https:\/\/api.w.org\/{rel}","templated":true}]}}